{"id":4065,"date":"2020-10-28T14:51:39","date_gmt":"2020-10-28T11:51:39","guid":{"rendered":"https:\/\/acarkereste.com\/?p=4065"},"modified":"2020-10-28T14:56:51","modified_gmt":"2020-10-28T11:56:51","slug":"mevlid-kandili","status":"publish","type":"post","link":"https:\/\/acarkereste.com\/?p=4065","title":{"rendered":"MEVL\u0130D KAND\u0130L\u0130"},"content":{"rendered":"<h1>Hay\u0131rl\u0131 kandiller dileriz.<\/h1>\n<blockquote><p>Rabbim bizi \u00f6z\u00fcnden iman edip g\u00f6z\u00fcnden d\u00fc\u015fmeyen kullar\u0131ndan eylemesin. Hay\u0131rl\u0131 kandiller.<\/p>\n<p>Kalplerimize ferah ver bu kandil g\u00fcn\u00fcnde Rabbim. Kandiliniz hay\u0131rlar getirsin.<\/p>\n<p>Bu g\u00fczel Kandil g\u00fcn\u00fcn\u00fcn vatan\u0131m\u0131za milletimize ve t\u00fcm M\u00fcsl\u00fcmanlara huzur getirmesini dilerim.<\/p><\/blockquote>\n<p>&nbsp;<\/p>\n","protected":false},"excerpt":{"rendered":"<p>Rabbim bizi \u00f6z\u00fcnden iman edip g\u00f6z\u00fcnden d\u00fc\u015fmeyen kullar\u0131ndan eylemesin. Hay\u0131rl\u0131 kandiller.<br \/>\nKalplerimize ferah ver bu kandil g\u00fcn\u00fcnde Rabbim. Kandiliniz hay\u0131rlar getirsin.<br \/>\nBu g\u00fczel Kandil g\u00fcn\u00fcn\u00fcn vatan\u0131m\u0131za milletimize ve t\u00fcm M\u00fcsl\u00fcmanlara huzur getirmesini dilerim.<\/p>\n","protected":false},"author":14,"featured_media":4066,"comment_status":"closed","ping_status":"closed","sticky":false,"template":"","format":"standard","meta":{"_joinchat":[],"footnotes":""},"categories":[1,7],"tags":[],"class_list":["post-4065","post","type-post","status-publish","format-standard","has-post-thumbnail","hentry","category-haberler","category-sektorel"],"acf":[],"yoast_head":"<!-- This site is optimized with the Yoast SEO plugin v23.0 - https:\/\/yoast.com\/wordpress\/plugins\/seo\/ -->\n<title>Mevlid Kandili<\/title>\n<meta name=\"description\" content=\"Rabbim bizi \u00f6z\u00fcnden iman edip g\u00f6z\u00fcnden d\u00fc\u015fmeyen kullar\u0131ndan eylemesin. Hay\u0131rl\u0131 kandiller.Kalplerimize ferah ver bu kandil g\u00fcn\u00fcnde Rabbim. Kandiliniz hay\u0131rlar getirsin.Bu g\u00fczel Kandil g\u00fcn\u00fcn\u00fcn vatan\u0131m\u0131za milletimize ve t\u00fcm M\u00fcsl\u00fcmanlara huzur getirmesini dilerim.\" \/>\n<meta name=\"robots\" content=\"index, follow, max-snippet:-1, max-image-preview:large, max-video-preview:-1\" \/>\n<link rel=\"canonical\" href=\"https:\/\/acarkereste.com\/?p=4065\" \/>\n<meta property=\"og:locale\" content=\"tr_TR\" \/>\n<meta property=\"og:type\" content=\"article\" \/>\n<meta property=\"og:title\" content=\"Mevlid Kandili\" \/>\n<meta property=\"og:description\" content=\"Rabbim bizi \u00f6z\u00fcnden iman edip g\u00f6z\u00fcnden d\u00fc\u015fmeyen kullar\u0131ndan eylemesin. Hay\u0131rl\u0131 kandiller.Kalplerimize ferah ver bu kandil g\u00fcn\u00fcnde Rabbim. Kandiliniz hay\u0131rlar getirsin.Bu g\u00fczel Kandil g\u00fcn\u00fcn\u00fcn vatan\u0131m\u0131za milletimize ve t\u00fcm M\u00fcsl\u00fcmanlara huzur getirmesini dilerim.\" \/>\n<meta property=\"og:url\" content=\"https:\/\/acarkereste.com\/?p=4065\" \/>\n<meta property=\"og:site_name\" content=\"Acar Orman\" \/>\n<meta property=\"article:published_time\" content=\"2020-10-28T11:51:39+00:00\" \/>\n<meta property=\"article:modified_time\" content=\"2020-10-28T11:56:51+00:00\" \/>\n<meta property=\"og:image\" content=\"https:\/\/acarkereste.com\/wp-content\/uploads\/2020\/10\/ACARORMAN-MEVLID.jpg\" \/>\n\t<meta property=\"og:image:width\" content=\"1080\" \/>\n\t<meta property=\"og:image:height\" content=\"1080\" \/>\n\t<meta property=\"og:image:type\" content=\"image\/jpeg\" \/>\n<meta name=\"author\" content=\"Bayram Acar\" \/>\n<meta name=\"twitter:label1\" content=\"Yazan:\" \/>\n\t<meta name=\"twitter:data1\" content=\"Bayram Acar\" \/>\n<script type=\"application\/ld+json\" class=\"yoast-schema-graph\">{\"@context\":\"https:\/\/schema.org\",\"@graph\":[{\"@type\":\"Article\",\"@id\":\"https:\/\/acarkereste.com\/?p=4065#article\",\"isPartOf\":{\"@id\":\"https:\/\/acarkereste.com\/?p=4065\"},\"author\":{\"name\":\"Bayram Acar\",\"@id\":\"https:\/\/acarkereste.com\/#\/schema\/person\/d5dfda3b8a32953af31aabf3b7b14aad\"},\"headline\":\"MEVL\u0130D KAND\u0130L\u0130\",\"datePublished\":\"2020-10-28T11:51:39+00:00\",\"dateModified\":\"2020-10-28T11:56:51+00:00\",\"mainEntityOfPage\":{\"@id\":\"https:\/\/acarkereste.com\/?p=4065\"},\"wordCount\":60,\"publisher\":{\"@id\":\"https:\/\/acarkereste.com\/#organization\"},\"image\":{\"@id\":\"https:\/\/acarkereste.com\/?p=4065#primaryimage\"},\"thumbnailUrl\":\"https:\/\/acarkereste.com\/wp-content\/uploads\/2020\/10\/ACARORMAN-MEVLID.jpg\",\"articleSection\":[\"Haberler\",\"Sekt\u00f6rel\"],\"inLanguage\":\"tr\"},{\"@type\":\"WebPage\",\"@id\":\"https:\/\/acarkereste.com\/?p=4065\",\"url\":\"https:\/\/acarkereste.com\/?p=4065\",\"name\":\"Mevlid Kandili\",\"isPartOf\":{\"@id\":\"https:\/\/acarkereste.com\/#website\"},\"primaryImageOfPage\":{\"@id\":\"https:\/\/acarkereste.com\/?p=4065#primaryimage\"},\"image\":{\"@id\":\"https:\/\/acarkereste.com\/?p=4065#primaryimage\"},\"thumbnailUrl\":\"https:\/\/acarkereste.com\/wp-content\/uploads\/2020\/10\/ACARORMAN-MEVLID.jpg\",\"datePublished\":\"2020-10-28T11:51:39+00:00\",\"dateModified\":\"2020-10-28T11:56:51+00:00\",\"description\":\"Rabbim bizi \u00f6z\u00fcnden iman edip g\u00f6z\u00fcnden d\u00fc\u015fmeyen kullar\u0131ndan eylemesin. Hay\u0131rl\u0131 kandiller.Kalplerimize ferah ver bu kandil g\u00fcn\u00fcnde Rabbim. Kandiliniz hay\u0131rlar getirsin.Bu g\u00fczel Kandil g\u00fcn\u00fcn\u00fcn vatan\u0131m\u0131za milletimize ve t\u00fcm M\u00fcsl\u00fcmanlara huzur getirmesini dilerim.\",\"breadcrumb\":{\"@id\":\"https:\/\/acarkereste.com\/?p=4065#breadcrumb\"},\"inLanguage\":\"tr\",\"potentialAction\":[{\"@type\":\"ReadAction\",\"target\":[\"https:\/\/acarkereste.com\/?p=4065\"]}]},{\"@type\":\"ImageObject\",\"inLanguage\":\"tr\",\"@id\":\"https:\/\/acarkereste.com\/?p=4065#primaryimage\",\"url\":\"https:\/\/acarkereste.com\/wp-content\/uploads\/2020\/10\/ACARORMAN-MEVLID.jpg\",\"contentUrl\":\"https:\/\/acarkereste.com\/wp-content\/uploads\/2020\/10\/ACARORMAN-MEVLID.jpg\",\"width\":1080,\"height\":1080,\"caption\":\"ACARORMAN MEVL\u0130D\"},{\"@type\":\"BreadcrumbList\",\"@id\":\"https:\/\/acarkereste.com\/?p=4065#breadcrumb\",\"itemListElement\":[{\"@type\":\"ListItem\",\"position\":1,\"name\":\"Ana Sayfa\",\"item\":\"https:\/\/acarkereste.com\/\"},{\"@type\":\"ListItem\",\"position\":2,\"name\":\"Haberler\",\"item\":\"https:\/\/acarkereste.com\/?cat=1\"},{\"@type\":\"ListItem\",\"position\":3,\"name\":\"Sekt\u00f6rel\",\"item\":\"https:\/\/acarkereste.com\/?cat=7\"},{\"@type\":\"ListItem\",\"position\":4,\"name\":\"MEVL\u0130D KAND\u0130L\u0130\"}]},{\"@type\":\"WebSite\",\"@id\":\"https:\/\/acarkereste.com\/#website\",\"url\":\"https:\/\/acarkereste.com\/\",\"name\":\"Acar Orman\",\"description\":\"Lambri &amp; Kereste \u00dcr\u00fcnleri\",\"publisher\":{\"@id\":\"https:\/\/acarkereste.com\/#organization\"},\"potentialAction\":[{\"@type\":\"SearchAction\",\"target\":{\"@type\":\"EntryPoint\",\"urlTemplate\":\"https:\/\/acarkereste.com\/?s={search_term_string}\"},\"query-input\":\"required name=search_term_string\"}],\"inLanguage\":\"tr\"},{\"@type\":\"Organization\",\"@id\":\"https:\/\/acarkereste.com\/#organization\",\"name\":\"G\u00fcner Oto\",\"url\":\"https:\/\/acarkereste.com\/\",\"logo\":{\"@type\":\"ImageObject\",\"inLanguage\":\"tr\",\"@id\":\"https:\/\/acarkereste.com\/#\/schema\/logo\/image\/\",\"url\":\"\",\"contentUrl\":\"\",\"caption\":\"G\u00fcner Oto\"},\"image\":{\"@id\":\"https:\/\/acarkereste.com\/#\/schema\/logo\/image\/\"}},{\"@type\":\"Person\",\"@id\":\"https:\/\/acarkereste.com\/#\/schema\/person\/d5dfda3b8a32953af31aabf3b7b14aad\",\"name\":\"Bayram Acar\",\"image\":{\"@type\":\"ImageObject\",\"inLanguage\":\"tr\",\"@id\":\"https:\/\/acarkereste.com\/#\/schema\/person\/image\/\",\"url\":\"https:\/\/secure.gravatar.com\/avatar\/da81b0a48533394082e264ceb773d45525464f403f9292f08b0749b9b3a402db?s=96&d=mm&r=g\",\"contentUrl\":\"https:\/\/secure.gravatar.com\/avatar\/da81b0a48533394082e264ceb773d45525464f403f9292f08b0749b9b3a402db?s=96&d=mm&r=g\",\"caption\":\"Bayram Acar\"},\"sameAs\":[\"https:\/\/acarkereste.com\/\"],\"url\":\"https:\/\/acarkereste.com\/?author=14\"}]}<\/script>\n<!-- \/ Yoast SEO plugin. -->","yoast_head_json":{"title":"Mevlid Kandili","description":"Rabbim bizi \u00f6z\u00fcnden iman edip g\u00f6z\u00fcnden d\u00fc\u015fmeyen kullar\u0131ndan eylemesin. Hay\u0131rl\u0131 kandiller.Kalplerimize ferah ver bu kandil g\u00fcn\u00fcnde Rabbim. Kandiliniz hay\u0131rlar getirsin.Bu g\u00fczel Kandil g\u00fcn\u00fcn\u00fcn vatan\u0131m\u0131za milletimize ve t\u00fcm M\u00fcsl\u00fcmanlara huzur getirmesini dilerim.","robots":{"index":"index","follow":"follow","max-snippet":"max-snippet:-1","max-image-preview":"max-image-preview:large","max-video-preview":"max-video-preview:-1"},"canonical":"https:\/\/acarkereste.com\/?p=4065","og_locale":"tr_TR","og_type":"article","og_title":"Mevlid Kandili","og_description":"Rabbim bizi \u00f6z\u00fcnden iman edip g\u00f6z\u00fcnden d\u00fc\u015fmeyen kullar\u0131ndan eylemesin. Hay\u0131rl\u0131 kandiller.Kalplerimize ferah ver bu kandil g\u00fcn\u00fcnde Rabbim. Kandiliniz hay\u0131rlar getirsin.Bu g\u00fczel Kandil g\u00fcn\u00fcn\u00fcn vatan\u0131m\u0131za milletimize ve t\u00fcm M\u00fcsl\u00fcmanlara huzur getirmesini dilerim.","og_url":"https:\/\/acarkereste.com\/?p=4065","og_site_name":"Acar Orman","article_published_time":"2020-10-28T11:51:39+00:00","article_modified_time":"2020-10-28T11:56:51+00:00","og_image":[{"width":1080,"height":1080,"url":"https:\/\/acarkereste.com\/wp-content\/uploads\/2020\/10\/ACARORMAN-MEVLID.jpg","type":"image\/jpeg"}],"author":"Bayram Acar","twitter_misc":{"Yazan:":"Bayram Acar"},"schema":{"@context":"https:\/\/schema.org","@graph":[{"@type":"Article","@id":"https:\/\/acarkereste.com\/?p=4065#article","isPartOf":{"@id":"https:\/\/acarkereste.com\/?p=4065"},"author":{"name":"Bayram Acar","@id":"https:\/\/acarkereste.com\/#\/schema\/person\/d5dfda3b8a32953af31aabf3b7b14aad"},"headline":"MEVL\u0130D KAND\u0130L\u0130","datePublished":"2020-10-28T11:51:39+00:00","dateModified":"2020-10-28T11:56:51+00:00","mainEntityOfPage":{"@id":"https:\/\/acarkereste.com\/?p=4065"},"wordCount":60,"publisher":{"@id":"https:\/\/acarkereste.com\/#organization"},"image":{"@id":"https:\/\/acarkereste.com\/?p=4065#primaryimage"},"thumbnailUrl":"https:\/\/acarkereste.com\/wp-content\/uploads\/2020\/10\/ACARORMAN-MEVLID.jpg","articleSection":["Haberler","Sekt\u00f6rel"],"inLanguage":"tr"},{"@type":"WebPage","@id":"https:\/\/acarkereste.com\/?p=4065","url":"https:\/\/acarkereste.com\/?p=4065","name":"Mevlid Kandili","isPartOf":{"@id":"https:\/\/acarkereste.com\/#website"},"primaryImageOfPage":{"@id":"https:\/\/acarkereste.com\/?p=4065#primaryimage"},"image":{"@id":"https:\/\/acarkereste.com\/?p=4065#primaryimage"},"thumbnailUrl":"https:\/\/acarkereste.com\/wp-content\/uploads\/2020\/10\/ACARORMAN-MEVLID.jpg","datePublished":"2020-10-28T11:51:39+00:00","dateModified":"2020-10-28T11:56:51+00:00","description":"Rabbim bizi \u00f6z\u00fcnden iman edip g\u00f6z\u00fcnden d\u00fc\u015fmeyen kullar\u0131ndan eylemesin. Hay\u0131rl\u0131 kandiller.Kalplerimize ferah ver bu kandil g\u00fcn\u00fcnde Rabbim. Kandiliniz hay\u0131rlar getirsin.Bu g\u00fczel Kandil g\u00fcn\u00fcn\u00fcn vatan\u0131m\u0131za milletimize ve t\u00fcm M\u00fcsl\u00fcmanlara huzur getirmesini dilerim.","breadcrumb":{"@id":"https:\/\/acarkereste.com\/?p=4065#breadcrumb"},"inLanguage":"tr","potentialAction":[{"@type":"ReadAction","target":["https:\/\/acarkereste.com\/?p=4065"]}]},{"@type":"ImageObject","inLanguage":"tr","@id":"https:\/\/acarkereste.com\/?p=4065#primaryimage","url":"https:\/\/acarkereste.com\/wp-content\/uploads\/2020\/10\/ACARORMAN-MEVLID.jpg","contentUrl":"https:\/\/acarkereste.com\/wp-content\/uploads\/2020\/10\/ACARORMAN-MEVLID.jpg","width":1080,"height":1080,"caption":"ACARORMAN MEVL\u0130D"},{"@type":"BreadcrumbList","@id":"https:\/\/acarkereste.com\/?p=4065#breadcrumb","itemListElement":[{"@type":"ListItem","position":1,"name":"Ana Sayfa","item":"https:\/\/acarkereste.com\/"},{"@type":"ListItem","position":2,"name":"Haberler","item":"https:\/\/acarkereste.com\/?cat=1"},{"@type":"ListItem","position":3,"name":"Sekt\u00f6rel","item":"https:\/\/acarkereste.com\/?cat=7"},{"@type":"ListItem","position":4,"name":"MEVL\u0130D KAND\u0130L\u0130"}]},{"@type":"WebSite","@id":"https:\/\/acarkereste.com\/#website","url":"https:\/\/acarkereste.com\/","name":"Acar Orman","description":"Lambri &amp; Kereste \u00dcr\u00fcnleri","publisher":{"@id":"https:\/\/acarkereste.com\/#organization"},"potentialAction":[{"@type":"SearchAction","target":{"@type":"EntryPoint","urlTemplate":"https:\/\/acarkereste.com\/?s={search_term_string}"},"query-input":"required name=search_term_string"}],"inLanguage":"tr"},{"@type":"Organization","@id":"https:\/\/acarkereste.com\/#organization","name":"G\u00fcner Oto","url":"https:\/\/acarkereste.com\/","logo":{"@type":"ImageObject","inLanguage":"tr","@id":"https:\/\/acarkereste.com\/#\/schema\/logo\/image\/","url":"","contentUrl":"","caption":"G\u00fcner Oto"},"image":{"@id":"https:\/\/acarkereste.com\/#\/schema\/logo\/image\/"}},{"@type":"Person","@id":"https:\/\/acarkereste.com\/#\/schema\/person\/d5dfda3b8a32953af31aabf3b7b14aad","name":"Bayram Acar","image":{"@type":"ImageObject","inLanguage":"tr","@id":"https:\/\/acarkereste.com\/#\/schema\/person\/image\/","url":"https:\/\/secure.gravatar.com\/avatar\/da81b0a48533394082e264ceb773d45525464f403f9292f08b0749b9b3a402db?s=96&d=mm&r=g","contentUrl":"https:\/\/secure.gravatar.com\/avatar\/da81b0a48533394082e264ceb773d45525464f403f9292f08b0749b9b3a402db?s=96&d=mm&r=g","caption":"Bayram Acar"},"sameAs":["https:\/\/acarkereste.com\/"],"url":"https:\/\/acarkereste.com\/?author=14"}]}},"_links":{"self":[{"href":"https:\/\/acarkereste.com\/index.php?rest_route=\/wp\/v2\/posts\/4065","targetHints":{"allow":["GET"]}}],"collection":[{"href":"https:\/\/acarkereste.com\/index.php?rest_route=\/wp\/v2\/posts"}],"about":[{"href":"https:\/\/acarkereste.com\/index.php?rest_route=\/wp\/v2\/types\/post"}],"author":[{"embeddable":true,"href":"https:\/\/acarkereste.com\/index.php?rest_route=\/wp\/v2\/users\/14"}],"replies":[{"embeddable":true,"href":"https:\/\/acarkereste.com\/index.php?rest_route=%2Fwp%2Fv2%2Fcomments&post=4065"}],"version-history":[{"count":0,"href":"https:\/\/acarkereste.com\/index.php?rest_route=\/wp\/v2\/posts\/4065\/revisions"}],"wp:featuredmedia":[{"embeddable":true,"href":"https:\/\/acarkereste.com\/index.php?rest_route=\/wp\/v2\/media\/4066"}],"wp:attachment":[{"href":"https:\/\/acarkereste.com\/index.php?rest_route=%2Fwp%2Fv2%2Fmedia&parent=4065"}],"wp:term":[{"taxonomy":"category","embeddable":true,"href":"https:\/\/acarkereste.com\/index.php?rest_route=%2Fwp%2Fv2%2Fcategories&post=4065"},{"taxonomy":"post_tag","embeddable":true,"href":"https:\/\/acarkereste.com\/index.php?rest_route=%2Fwp%2Fv2%2Ftags&post=4065"}],"curies":[{"name":"wp","href":"https:\/\/api.w.org\/{rel}","templated":true}]}}